{"id":2724,"date":"2017-12-06T19:01:50","date_gmt":"2017-12-06T18:01:50","guid":{"rendered":"http:\/\/michaelgkarnavas.net\/blog\/?p=2724"},"modified":"2017-12-06T19:01:50","modified_gmt":"2017-12-06T18:01:50","slug":"karnavas-responds","status":"publish","type":"post","link":"https:\/\/michaelgkarnavas.net\/blog\/2017\/12\/06\/karnavas-responds\/","title":{"rendered":"Karnavas Responds to John Doe&#8217;s Comment on Post:  General Slobodan Praljak\u2019s honorable defiance"},"content":{"rendered":"<p style=\"text-align: justify;\"><div id=\"google_language_translator\" class=\"default-language-en\"><\/div><\/p>\n<p style=\"text-align: justify;\"><em>I greatly appreciate that many colleagues and interested persons have taken the time to comment on my recent post:\u00a0 <a href=\"https:\/\/michaelgkarnavas.net\/blog\/2017\/12\/05\/praljaks-defiance\/\" target=\"_blank\" rel=\"noopener\">General Slobodan Praljak\u2019s honorable defiance<\/a>.\u00a0 One comment in particular, posted by &#8220;John Doe&#8221;, warrants a response.\u00a0 Below the comment is reproduced, followed by my response.<\/em><!--more--><\/p>\n<hr \/>\n<p style=\"text-align: justify;\"><strong>Comment from John Doe<\/strong><\/p>\n<p style=\"padding-left: 30px; text-align: justify;\">The author expresses the view that the Prli\u0107 et al. trial was &#8220;a parody, a charade, theater of the absurd disguised as a trial. Everyone who was at the ICTY saw it.\u201d (emphasis added) While it is the author\u2019s right to criticise the proceedings, even in such strong terms, I believe this is a colourful exaggeration. The claim that &#8220;everyone [&#8230;] saw it&#8221;, moreover, is wildly inaccurate: to the best of my knowledge, the author\u2019s view is not shared by all \u2013 or even the majority of the people who have a legal background and some knowledge of that trial. Criminal defence, however, can become a very personal matter for an attorney (even though probably it shouldn\u2019t). It would be unrealistic, in my view, to expect someone who has dedicated 12 years of his life to that trial and to his client to be completely objective about it. There is no such thing as a neutral standpoint. The position of an observer always inevitably affects how she sees the events unfolding before her. A number of Mr Karnavas\u2019 observations in this post are, however, difficult to disagree with. Let\u2019s start with the trial bench: International criminal tribunals have always been \u2013 and still are &#8211; plagued by the political nature of the judges\u2019 selection process. Like all appointments of political nature in international organisations, quality, experience, and merit are not always the guiding stars followed in that process. One of the judges on the Prli\u0107 bench had no previous experience in national or international criminal proceedings. None whatsoever. He was, in fact, a diplomat. This choice is inconceivable in a criminal trial of such importance and magnitude, and may not have been inconsequential to the accused\u2019s right to receive a fair trial. This was also not an isolated case at the ICTY, with many judges having only been law professors before being called to manage complex multi-accused trials at the ICTY. Appropriately, the ICTY Statute requires lead counsel to possess 10 years\u2019 experience in criminal law to be granted right of audience before a Chamber (seven years for co-counsel). It\u2019s thus difficult to understand why the drafters of the Statute deemed it appropriate for a jurist without any criminal trial experience to decide of the fate of the accused in these maxi trials. The other two judges in the Prli\u0107 case, however, did have experience, and while Mr Karnavas may not have liked them, this may have something to do with Mr Karnavas\u2019 expectations as a lawyer trained in a purely adversarial setting rather than with the judges\u2019 ability to properly manage the trial and deliver a just verdict. The Mladi\u0107 diaries: This piece of evidence was discovered quite late into the proceedings. Their apparent probative value was clearly appealing to the Trial Chamber. Mr Karnavas states that their admission at the prosecution\u2019s request, and the denial of the defence\u2019s request to tender their own excerpts of the diaries sacrificed fairness on the altar of expeditiousness. However, in assessing the actual prejudice created by this decision, one needs to consider that the Trial Chamber at the ICTY is not only the \u201creferee\u201d of the proceedings, but also the trier of fact. If the Chamber decided not to admit additional parts of the diaries, it did so after looking at their prima facie relevance and probative value. It\u2019s thus unlikely that, if admitted, those excerpts would have changed the Trial Chamber\u2019s mind on the facts to which the diaries related. More troublesome is the Chamber\u2019s denial of the request to hear General Praljak\u2019s testimony on the content of the diaries. The suggestion that Praljak\u2019s counsel could have addressed the issue in her closing arguments (I will take the author\u2019s word for the accuracy of this account) was blatantly offensive to the fundamental principles of evidence, and considering the Chamber\u2019s reliance on the diaries to establish Praljak\u2019s responsibility through JCE, this decision may have caused actual prejudice to the accused. Unlike with the diaries\u2019 excerpts, which the Chamber had the opportunity to read before denying their admission, the Chamber could not have assessed the value of General Praljak\u2019s testimony before actually hearing it. Provisional release: Imposing house arrest on someone who had voluntarily surrendered, behaved exemplarily while in detention and during trial, and for whom the Croatian government had vouched, was wrong and in plain contradiction with the principle of presumption of innocence, which was evidently sacrificed on the altar of public perception. Essentially, that choice was punitive in nature, rather than dictated by the need to avoid the accused\u2019s flight, reiteration of a crime, or other legitimate reasons. Unfortunately, this is something which we see way too frequently in both national and international jurisdictions. Finally, the glaring bias of the majority of ICTY&#8217;s outreach has always been baffling to a lot of observers familiar with the basic principles of criminal justice. Aside from the narratives pointed out by Mr Karnavas, outreach materials included leaflets of metal handcuffs printed beside ligatures found on victims of executions buried in mass graves. They were disseminated throughout the building and provided to visitors before they entered the courtroom\u2019s public gallery. The message they conveyed was simply incompatible with the principle of presumption of innocence. The same type of outreach would be unfathomable in a national court in relation to ongoing trials, and rightly so. These pictures made groups of visiting national criminal lawyers extremely puzzled and uncomfortable. I believe complaints were lodged by the Association of Defence Counsel practicing before the ICTY, but to no avail. One of the reasons behind this type of outreach might be that international courts such as the ICTY are created not only to assess criminal responsibility, but also for educational and reconciliation purposes. The way in which to achieve these objectives is generally left to the discretion of media experts, not criminal law experts. The lack of proper judicial oversight over such activities is most regrettable for a plethora of reasons, including the fact that reconciliation itself is jeopardised if part of the public sees bias in the way the court operates. It is not my intention to take position on the overall fairness of the Prli\u0107 et al. trial, nor do I intend to speculate on the reasons behind the choice of General Praljak. I agree with Mr Karnavas, however, that the fact that he only had two or three years left to serve before regaining his freedom cannot be overlooked when trying to make sense of what happened.<\/p>\n<hr \/>\n<p style=\"text-align: justify;\"><strong>Response from Michael G. Karnavas<\/strong><\/p>\n<p style=\"text-align: justify;\">Thank you for your comment. A few points of clarification.<\/p>\n<ol style=\"text-align: justify;\">\n<li>I do not know whether you witnessed the trial proceedings in <em>Prli\u0107 et al<\/em>., but if you had, you could not have missed just how chaotic it was at times. The record speaks of the countless of silly and mindless interventions from the judges, their constant unnecessary interruptions, inane comments, and petty disputes with the defence and among the judges themselves. You need not take my word; the video coverage proves it \u2013 as does the record, some of which is not available to the public.<\/li>\n<li>Your claim that I have <em>gilded the lily <\/em>by saying \u201ceveryone \u2026 saw it\u201d rightly deserves qualification; it may be too categorical of a statement. I fully admit that I am vested in the case, careful pointing this out in my post. Take whatever I say with a <em>ton of salt<\/em>, but before jumping to any conclusions that these judges provided the accused in <em>Prli\u0107 et al<\/em>. a fair trial, I invite you to read and analyze the record, the exhibits, and our <a href=\"http:\/\/www.icty.org\/case\/prlic\/4#custom6\" target=\"_blank\" rel=\"noopener\">appeal briefs<\/a>.<\/li>\n<li>If two of the judges were as experienced as you would have me believe, then how is it that they could not adjust themselves to the adopted procedure? Yes, two of the judges had judicial experience, but was it relevant experience? Is being on a commission relevant experience? And why should I not have expected the judges to be at least familiar with the adversarial procedure when the ICTY proceedings took place in an adversarial setting? Is calling cross-examination by the defence \u201ca game\u201d something you would expect to hear from an experienced judge who is sitting on a case where the proceedings are adversarial? (<em>see<\/em> <a href=\"http:\/\/www.icty.org\/x\/cases\/prlic\/trans\/en\/070607ED.htm\" target=\"_blank\" rel=\"noopener\">here<\/a> 19735) In any event, I maintain, as subjective as I may be, that all three judges were not up to the task in this case \u2013 which at times was a free-for-all.<\/li>\n<li>ladi\u0107 Diaries, as I noted, my intention was not to relitigate the matter, but since you raise the point, the Presiding Judge thought that 38 out of 40 entries and documents suggested by the Prli\u0107 Defence should be admitted. And here is the kicker: the Presiding Judge <a href=\"http:\/\/icr.icty.org\/LegalRef\/CMSDocStore\/Public\/English\/DissentingOpinion\/NotIndexable\/IT-04-74\/MRA19577R0000314720.pdf\" target=\"_blank\" rel=\"noopener\">made specific findings<\/a>(( Prosecutor v. Prli\u0107 et al., IT-04-74-T, Dissenting Opinion of Presiding Judge Jean-Claude Antonetti on the Decision on Jadranko Prli\u0107\u2019s Motion to Admit Evidence Refuting Evidence Admitted by Decision of 6 October, 25 November 2010, pp. 2-3.)) in a very transparent manner \u2013 as expected of a judge \u2013 on why the proffered material was relevant or not relevant. The other two judges, who visibly expressed contempt for the defence and in particular General Praljak throughout the trial, summarily rejected it entirely without reasoning. Here again, you need not take my word, this issue was argued repeatedly before the Trial Chamber (see <a href=\"http:\/\/icr.icty.org\/LegalRef\/CMSDocStore\/Public\/English\/Response\/NotIndexable\/IT-04-74\/MRA19129R0000294066.pdf\" target=\"_blank\" rel=\"noopener\">here<\/a>, <a href=\"http:\/\/icr.icty.org\/LegalRef\/CMSDocStore\/Public\/English\/Notice\/NotIndexable\/IT-04-74\/MRA19278R0000297365.pdf\" target=\"_blank\" rel=\"noopener\">here<\/a>, <a href=\"http:\/\/icr.icty.org\/LegalRef\/CMSDocStore\/Public\/English\/Response\/NotIndexable\/IT-04-74\/MRA19331R0000297966.pdf\" target=\"_blank\" rel=\"noopener\">here<\/a>, <a href=\"http:\/\/icr.icty.org\/LegalRef\/CMSDocStore\/Public\/English\/Motions\/NotIndexable\/IT-04-74\/MRA19577R0000308821.pdf\" target=\"_blank\" rel=\"noopener\">here<\/a>, and <a href=\"http:\/\/icr.icty.org\/LegalRef\/CMSDocStore\/Public\/English\/Request\/NotIndexable\/IT-04-74\/MRA19577R0000314233.pdf\" target=\"_blank\" rel=\"noopener\">here<\/a>)((\u00a0\u00a0 See Prosecutor v. Prli\u0107 et al., IT-04-74-T, Jadranko Prli\u0107\u2019s Response to the Prosecution Motion to Reopen its Case-in-chief (Mladi\u0107 Materials), 4 June 2010 with Annex; Prosecutor v. Prli\u0107 et al., IT-04-74-T, Jadranko Prli\u0107\u2019s Notice of his Intent to Request Reopening of His Case Should the Trial Chamber Grant the Prosecution Motion to Admit Evidence in Reopening, 14 July 2010 with Confidential Annexes; Prosecutor v. Prli\u0107 et al., IT-04-74-T, Jadranko Prli\u0107\u2019s Response to Prosecution Motion to Admit Evidence in Reopening, 23 July 2010; Prosecutor v. Prli\u0107 et al., IT-04-74-T, Jadranko Prli\u0107\u2019s Revised Motion to Rebut the Evidence Admitted by the Trial Chamber in the Decision on the Prosecution\u2019s Motion to Reopen its case with Confidential Annex I, 1 November 2010; Prosecutor v. Prli\u0107 et al., IT-04-74-T, Jadranko Prli\u0107\u2019s Request for Certification to Appeal D\u00e9cision Portant sur la Demande de Jadranko Prli\u0107 aux fins d\u2019Admission d\u2019\u00c9l\u00e9ments de Preuve R\u00e9futant Ceux Admis par la D\u00e9cision du 6 Octobre 2010, 29 November 2010.)) and also in Ground 5 of Dr. Prli\u0107\u2019s\u00a0<a href=\"http:\/\/www.icty.org\/x\/cases\/prlic\/custom6\/en\/150729_3.pdf\" target=\"_blank\" rel=\"noopener\">Appeal Brief<\/a>. The fact one of the judges considered that the proffered material by the Prli\u0107 Defence was exculpatory (and thus having relevance and probity), should have been enough to have it admitted, even if the other two judges had pre-judged it as unpersuasive to their presumed outcome. You seemed to have omitted or disregarded from your claims of the judges as referees and gatekeepers of the evidence the fact that the threshold for the admissibility of evidence at the ICTY is very low \u2013 even newspaper articles with no bylines have been admitted as evidence. So, forgive me if I find this claim of yours unpersuasive.<\/li>\n<li>As for the outrageous outreach posters you rightly discuss, these affect all accused before the ICTY, which is why I did not mention them. And you are right that there have been complaints about these posters. As president of the ADC-ICTY, and even after, I repeatedly complained about the prejudicial nature of the posters and requested their removal. But this is an aside. My point was that in outreach material and on the official ICTY website, there was a narrative clairvoyantly validating the prosecution\u2019s narrative in its indictment. This is not just prejudicial (as in how the posters are prejudicial), but it is a pre-judgment of the legal and factual issues that the Trial Chamber was supposed to determine based on the evidence at the conclusion of the trial proceedings. The Trial Chamber had not yet heard the evidence on what was paraded around as <em>the<\/em> \u201cfacts\u201d of what happened in the conflict: who did what to whom, what was the intended purpose of certain acts, and so on. Put differently, the trial was nothing short of a self-fulfilling prophecy \u2013 which is why I maintain that the die had been cast for these accused even before the first witness was heard.<\/li>\n<li>General Praljak repeatedly said during the trial that he would accept whatever sentence meted out to him, if he had a full and robust opportunity to challenge the evidence against him, if he had a full and fair opportunity to put forward his evidence, if the evidence was fairly and properly considered, and if the judgment fairly and properly reflected the evidence admitted in the proceedings.<\/li>\n<li>My account may seem to you (and others not doubt) colorful and exaggerated, but I can assure you as day follows night, you would be screaming bloody murder if you were in the dock, effectively facing a death-in-prison sentence, or the possibility of being labeled a war criminal for the rest of your life.<\/li>\n<li>I may not be neutral, but to the extent I claim that the Trial Chamber ignored the defence evidence, our Appeal Brief provides page and line numbers of the over 52,000-page record, and references to the Trial Judgment and relevant exhibits. As I noted, we provided the needles not the haystack \u2013 both to the Trial and Appeals Chambers in our <a href=\"http:\/\/www.icty.org\/x\/cases\/prlic\/custom5\/en\/110329.pdf\" target=\"_blank\" rel=\"noopener\">Final Brief<\/a> and appeal submissions. And it is not as if either Chamber was pressed for time (or did not take their time), or had a lack of resources.<\/li>\n<li>Since there is no third instance of review at the ICTY \u2013 a serious structural flaw that exists in other international(ized) criminal tribunals and courts \u2013 there is no way to seek corrective remedies for errors that may have been committed by the Appeals Chamber.<\/li>\n<\/ol>\n<p style=\"text-align: justify;\">In any event, anything said now by a defense counsel in this case, as I am doing, invariably is seen as hyperbolic exaggerations of the sour grape variety. I am nonetheless heartened to see that you at least acknowledge some of the systemic problems at the ICTY and in the <em>Prli\u0107 et al<\/em>. proceedings.<\/p>\n<p style=\"text-align: justify;\">The very sad truth is that when considering the efforts and resources that went into the <em>Prli\u0107 et al<\/em>. case, there is no reason why it had to be tried in the way it was by an underqualified (and in my opinion result-oriented) bench. Maybe if the trial had been conducted in a fair manner with a different bench, irrespective of the outcome, General Slobodan Praljak might still be with us and within reach of the warm embrace of his family and friend.<\/p>\n<p style=\"text-align: justify;\">Thank you again for your comment.<\/p>\n<hr \/>\n<p><a href=\"https:\/\/i0.wp.com\/michaelgkarnavas.net\/blog\/wp-content\/uploads\/2015\/05\/comments2.png?ssl=1\"><img data-recalc-dims=\"1\" loading=\"lazy\" decoding=\"async\" class=\"aligncenter size-full wp-image-919\" src=\"https:\/\/i0.wp.com\/michaelgkarnavas.net\/blog\/wp-content\/uploads\/2015\/05\/comments2.png?resize=274%2C184&#038;ssl=1\" alt=\"\" width=\"274\" height=\"184\" \/><\/a><\/p>\n","protected":false},"excerpt":{"rendered":"<p>I greatly appreciate that many colleagues and interested persons have taken the time to comment on my recent post:\u00a0 General Slobodan Praljak\u2019s honorable defiance.\u00a0 One comment in particular, posted by &#8220;John Doe&#8221;, warrants a response.\u00a0 Below the comment is reproduced, followed by my response.<\/p>\n","protected":false},"author":2,"featured_media":0,"comment_status":"open","ping_status":"open","sticky":false,"template":"","format":"standard","meta":{"_jetpack_memberships_contains_paid_content":false,"footnotes":""},"categories":[19,21],"tags":[5,7],"class_list":["post-2724","post","type-post","status-publish","format-standard","hentry","category-icty","category-international-criminal-law","tag-icty","tag-international-criminal-law"],"yoast_head":"<!-- This site is optimized with the Yoast SEO plugin v27.5 - https:\/\/yoast.com\/product\/yoast-seo-wordpress\/ -->\n<title>Karnavas Responds to John Doe&#039;s Comment on Post: General Slobodan Praljak\u2019s honorable defiance - michaelgkarnavas.net\/Blog<\/title>\n<meta name=\"robots\" content=\"index, follow, max-snippet:-1, max-image-preview:large, max-video-preview:-1\" \/>\n<link rel=\"canonical\" href=\"https:\/\/michaelgkarnavas.net\/blog\/2017\/12\/06\/karnavas-responds\/\" \/>\n<meta property=\"og:locale\" content=\"en_US\" \/>\n<meta property=\"og:type\" content=\"article\" \/>\n<meta property=\"og:title\" content=\"Karnavas Responds to John Doe&#039;s Comment on Post: General Slobodan Praljak\u2019s honorable defiance - michaelgkarnavas.net\/Blog\" \/>\n<meta property=\"og:description\" content=\"I greatly appreciate that many colleagues and interested persons have taken the time to comment on my recent post:\u00a0 General Slobodan Praljak\u2019s honorable defiance.\u00a0 One comment in particular, posted by &#8220;John Doe&#8221;, warrants a response.\u00a0 Below the comment is reproduced, followed by my response.\" \/>\n<meta property=\"og:url\" content=\"https:\/\/michaelgkarnavas.net\/blog\/2017\/12\/06\/karnavas-responds\/\" \/>\n<meta property=\"og:site_name\" content=\"michaelgkarnavas.net\/Blog\" \/>\n<meta property=\"article:published_time\" content=\"2017-12-06T18:01:50+00:00\" \/>\n<meta property=\"og:image\" content=\"http:\/\/michaelgkarnavas.net\/blog\/wp-content\/uploads\/2015\/05\/comments2.png\" \/>\n<meta name=\"author\" content=\"Michael G. Karnavas\" \/>\n<meta name=\"twitter:card\" content=\"summary_large_image\" \/>\n<meta name=\"twitter:creator\" content=\"@https:\/\/twitter.com\/mgkarnavas\" \/>\n<meta name=\"twitter:site\" content=\"@mgkarnavas\" \/>\n<meta name=\"twitter:label1\" content=\"Written by\" \/>\n\t<meta name=\"twitter:data1\" content=\"Michael G. Karnavas\" \/>\n\t<meta name=\"twitter:label2\" content=\"Est. reading time\" \/>\n\t<meta name=\"twitter:data2\" content=\"13 minutes\" \/>\n<script type=\"application\/ld+json\" class=\"yoast-schema-graph\">{\"@context\":\"https:\\\/\\\/schema.org\",\"@graph\":[{\"@type\":\"Article\",\"@id\":\"https:\\\/\\\/michaelgkarnavas.net\\\/blog\\\/2017\\\/12\\\/06\\\/karnavas-responds\\\/#article\",\"isPartOf\":{\"@id\":\"https:\\\/\\\/michaelgkarnavas.net\\\/blog\\\/2017\\\/12\\\/06\\\/karnavas-responds\\\/\"},\"author\":{\"name\":\"Michael G. Karnavas\",\"@id\":\"https:\\\/\\\/michaelgkarnavas.net\\\/blog\\\/#\\\/schema\\\/person\\\/d03dcdb5c7e0e85117fb75cfb7b98c79\"},\"headline\":\"Karnavas Responds to John Doe&#8217;s Comment on Post: General Slobodan Praljak\u2019s honorable defiance\",\"datePublished\":\"2017-12-06T18:01:50+00:00\",\"mainEntityOfPage\":{\"@id\":\"https:\\\/\\\/michaelgkarnavas.net\\\/blog\\\/2017\\\/12\\\/06\\\/karnavas-responds\\\/\"},\"wordCount\":2516,\"commentCount\":0,\"publisher\":{\"@id\":\"https:\\\/\\\/michaelgkarnavas.net\\\/blog\\\/#\\\/schema\\\/person\\\/d03dcdb5c7e0e85117fb75cfb7b98c79\"},\"image\":{\"@id\":\"https:\\\/\\\/michaelgkarnavas.net\\\/blog\\\/2017\\\/12\\\/06\\\/karnavas-responds\\\/#primaryimage\"},\"thumbnailUrl\":\"http:\\\/\\\/michaelgkarnavas.net\\\/blog\\\/wp-content\\\/uploads\\\/2015\\\/05\\\/comments2.png\",\"keywords\":[\"ICTY\",\"International Criminal Law\"],\"articleSection\":[\"ICTY\",\"International Criminal Law\"],\"inLanguage\":\"en-US\",\"potentialAction\":[{\"@type\":\"CommentAction\",\"name\":\"Comment\",\"target\":[\"https:\\\/\\\/michaelgkarnavas.net\\\/blog\\\/2017\\\/12\\\/06\\\/karnavas-responds\\\/#respond\"]}]},{\"@type\":\"WebPage\",\"@id\":\"https:\\\/\\\/michaelgkarnavas.net\\\/blog\\\/2017\\\/12\\\/06\\\/karnavas-responds\\\/\",\"url\":\"https:\\\/\\\/michaelgkarnavas.net\\\/blog\\\/2017\\\/12\\\/06\\\/karnavas-responds\\\/\",\"name\":\"Karnavas Responds to John Doe's Comment on Post: General Slobodan Praljak\u2019s honorable defiance - michaelgkarnavas.net\\\/Blog\",\"isPartOf\":{\"@id\":\"https:\\\/\\\/michaelgkarnavas.net\\\/blog\\\/#website\"},\"primaryImageOfPage\":{\"@id\":\"https:\\\/\\\/michaelgkarnavas.net\\\/blog\\\/2017\\\/12\\\/06\\\/karnavas-responds\\\/#primaryimage\"},\"image\":{\"@id\":\"https:\\\/\\\/michaelgkarnavas.net\\\/blog\\\/2017\\\/12\\\/06\\\/karnavas-responds\\\/#primaryimage\"},\"thumbnailUrl\":\"http:\\\/\\\/michaelgkarnavas.net\\\/blog\\\/wp-content\\\/uploads\\\/2015\\\/05\\\/comments2.png\",\"datePublished\":\"2017-12-06T18:01:50+00:00\",\"breadcrumb\":{\"@id\":\"https:\\\/\\\/michaelgkarnavas.net\\\/blog\\\/2017\\\/12\\\/06\\\/karnavas-responds\\\/#breadcrumb\"},\"inLanguage\":\"en-US\",\"potentialAction\":[{\"@type\":\"ReadAction\",\"target\":[\"https:\\\/\\\/michaelgkarnavas.net\\\/blog\\\/2017\\\/12\\\/06\\\/karnavas-responds\\\/\"]}]},{\"@type\":\"ImageObject\",\"inLanguage\":\"en-US\",\"@id\":\"https:\\\/\\\/michaelgkarnavas.net\\\/blog\\\/2017\\\/12\\\/06\\\/karnavas-responds\\\/#primaryimage\",\"url\":\"http:\\\/\\\/michaelgkarnavas.net\\\/blog\\\/wp-content\\\/uploads\\\/2015\\\/05\\\/comments2.png\",\"contentUrl\":\"http:\\\/\\\/michaelgkarnavas.net\\\/blog\\\/wp-content\\\/uploads\\\/2015\\\/05\\\/comments2.png\"},{\"@type\":\"BreadcrumbList\",\"@id\":\"https:\\\/\\\/michaelgkarnavas.net\\\/blog\\\/2017\\\/12\\\/06\\\/karnavas-responds\\\/#breadcrumb\",\"itemListElement\":[{\"@type\":\"ListItem\",\"position\":1,\"name\":\"Home\",\"item\":\"https:\\\/\\\/michaelgkarnavas.net\\\/blog\\\/\"},{\"@type\":\"ListItem\",\"position\":2,\"name\":\"Karnavas Responds to John Doe&#8217;s Comment on Post: General Slobodan Praljak\u2019s honorable defiance\"}]},{\"@type\":\"WebSite\",\"@id\":\"https:\\\/\\\/michaelgkarnavas.net\\\/blog\\\/#website\",\"url\":\"https:\\\/\\\/michaelgkarnavas.net\\\/blog\\\/\",\"name\":\"Michael G. Karnavas Blog\",\"description\":\"International Criminal Law Blog\",\"publisher\":{\"@id\":\"https:\\\/\\\/michaelgkarnavas.net\\\/blog\\\/#\\\/schema\\\/person\\\/d03dcdb5c7e0e85117fb75cfb7b98c79\"},\"potentialAction\":[{\"@type\":\"SearchAction\",\"target\":{\"@type\":\"EntryPoint\",\"urlTemplate\":\"https:\\\/\\\/michaelgkarnavas.net\\\/blog\\\/?s={search_term_string}\"},\"query-input\":{\"@type\":\"PropertyValueSpecification\",\"valueRequired\":true,\"valueName\":\"search_term_string\"}}],\"inLanguage\":\"en-US\"},{\"@type\":[\"Person\",\"Organization\"],\"@id\":\"https:\\\/\\\/michaelgkarnavas.net\\\/blog\\\/#\\\/schema\\\/person\\\/d03dcdb5c7e0e85117fb75cfb7b98c79\",\"name\":\"Michael G. Karnavas\",\"image\":{\"@type\":\"ImageObject\",\"inLanguage\":\"en-US\",\"@id\":\"https:\\\/\\\/i0.wp.com\\\/michaelgkarnavas.net\\\/blog\\\/wp-content\\\/uploads\\\/2023\\\/02\\\/MGKarnavasCt.jpg?fit=365%2C365&ssl=1\",\"url\":\"https:\\\/\\\/i0.wp.com\\\/michaelgkarnavas.net\\\/blog\\\/wp-content\\\/uploads\\\/2023\\\/02\\\/MGKarnavasCt.jpg?fit=365%2C365&ssl=1\",\"contentUrl\":\"https:\\\/\\\/i0.wp.com\\\/michaelgkarnavas.net\\\/blog\\\/wp-content\\\/uploads\\\/2023\\\/02\\\/MGKarnavasCt.jpg?fit=365%2C365&ssl=1\",\"width\":365,\"height\":365,\"caption\":\"Michael G. Karnavas\"},\"logo\":{\"@id\":\"https:\\\/\\\/i0.wp.com\\\/michaelgkarnavas.net\\\/blog\\\/wp-content\\\/uploads\\\/2023\\\/02\\\/MGKarnavasCt.jpg?fit=365%2C365&ssl=1\"},\"description\":\"Michael G. Karnavas is an American trained lawyer. He is licensed in Alaska and Massachusetts and is qualified to appear before the various International tribunals, including the International Criminal Court (ICC). Residing and practicing primarily in The Hague, he is recognized as an expert in international criminal defence, including pre-trial, trial, and appellate advocacy.\",\"sameAs\":[\"http:\\\/\\\/michaelgkarnavas.net\",\"https:\\\/\\\/www.linkedin.com\\\/in\\\/michael-g-karnavas-97494a75\\\/\",\"https:\\\/\\\/x.com\\\/https:\\\/\\\/twitter.com\\\/mgkarnavas\"],\"url\":\"https:\\\/\\\/michaelgkarnavas.net\\\/blog\\\/author\\\/michael-g-karnavas\\\/\"}]}<\/script>\n<!-- \/ Yoast SEO plugin. -->","yoast_head_json":{"title":"Karnavas Responds to John Doe's Comment on Post: General Slobodan Praljak\u2019s honorable defiance - michaelgkarnavas.net\/Blog","robots":{"index":"index","follow":"follow","max-snippet":"max-snippet:-1","max-image-preview":"max-image-preview:large","max-video-preview":"max-video-preview:-1"},"canonical":"https:\/\/michaelgkarnavas.net\/blog\/2017\/12\/06\/karnavas-responds\/","og_locale":"en_US","og_type":"article","og_title":"Karnavas Responds to John Doe's Comment on Post: General Slobodan Praljak\u2019s honorable defiance - michaelgkarnavas.net\/Blog","og_description":"I greatly appreciate that many colleagues and interested persons have taken the time to comment on my recent post:\u00a0 General Slobodan Praljak\u2019s honorable defiance.\u00a0 One comment in particular, posted by &#8220;John Doe&#8221;, warrants a response.\u00a0 Below the comment is reproduced, followed by my response.","og_url":"https:\/\/michaelgkarnavas.net\/blog\/2017\/12\/06\/karnavas-responds\/","og_site_name":"michaelgkarnavas.net\/Blog","article_published_time":"2017-12-06T18:01:50+00:00","og_image":[{"url":"http:\/\/michaelgkarnavas.net\/blog\/wp-content\/uploads\/2015\/05\/comments2.png","type":"","width":"","height":""}],"author":"Michael G. Karnavas","twitter_card":"summary_large_image","twitter_creator":"@https:\/\/twitter.com\/mgkarnavas","twitter_site":"@mgkarnavas","twitter_misc":{"Written by":"Michael G. Karnavas","Est. reading time":"13 minutes"},"schema":{"@context":"https:\/\/schema.org","@graph":[{"@type":"Article","@id":"https:\/\/michaelgkarnavas.net\/blog\/2017\/12\/06\/karnavas-responds\/#article","isPartOf":{"@id":"https:\/\/michaelgkarnavas.net\/blog\/2017\/12\/06\/karnavas-responds\/"},"author":{"name":"Michael G. Karnavas","@id":"https:\/\/michaelgkarnavas.net\/blog\/#\/schema\/person\/d03dcdb5c7e0e85117fb75cfb7b98c79"},"headline":"Karnavas Responds to John Doe&#8217;s Comment on Post: General Slobodan Praljak\u2019s honorable defiance","datePublished":"2017-12-06T18:01:50+00:00","mainEntityOfPage":{"@id":"https:\/\/michaelgkarnavas.net\/blog\/2017\/12\/06\/karnavas-responds\/"},"wordCount":2516,"commentCount":0,"publisher":{"@id":"https:\/\/michaelgkarnavas.net\/blog\/#\/schema\/person\/d03dcdb5c7e0e85117fb75cfb7b98c79"},"image":{"@id":"https:\/\/michaelgkarnavas.net\/blog\/2017\/12\/06\/karnavas-responds\/#primaryimage"},"thumbnailUrl":"http:\/\/michaelgkarnavas.net\/blog\/wp-content\/uploads\/2015\/05\/comments2.png","keywords":["ICTY","International Criminal Law"],"articleSection":["ICTY","International Criminal Law"],"inLanguage":"en-US","potentialAction":[{"@type":"CommentAction","name":"Comment","target":["https:\/\/michaelgkarnavas.net\/blog\/2017\/12\/06\/karnavas-responds\/#respond"]}]},{"@type":"WebPage","@id":"https:\/\/michaelgkarnavas.net\/blog\/2017\/12\/06\/karnavas-responds\/","url":"https:\/\/michaelgkarnavas.net\/blog\/2017\/12\/06\/karnavas-responds\/","name":"Karnavas Responds to John Doe's Comment on Post: General Slobodan Praljak\u2019s honorable defiance - michaelgkarnavas.net\/Blog","isPartOf":{"@id":"https:\/\/michaelgkarnavas.net\/blog\/#website"},"primaryImageOfPage":{"@id":"https:\/\/michaelgkarnavas.net\/blog\/2017\/12\/06\/karnavas-responds\/#primaryimage"},"image":{"@id":"https:\/\/michaelgkarnavas.net\/blog\/2017\/12\/06\/karnavas-responds\/#primaryimage"},"thumbnailUrl":"http:\/\/michaelgkarnavas.net\/blog\/wp-content\/uploads\/2015\/05\/comments2.png","datePublished":"2017-12-06T18:01:50+00:00","breadcrumb":{"@id":"https:\/\/michaelgkarnavas.net\/blog\/2017\/12\/06\/karnavas-responds\/#breadcrumb"},"inLanguage":"en-US","potentialAction":[{"@type":"ReadAction","target":["https:\/\/michaelgkarnavas.net\/blog\/2017\/12\/06\/karnavas-responds\/"]}]},{"@type":"ImageObject","inLanguage":"en-US","@id":"https:\/\/michaelgkarnavas.net\/blog\/2017\/12\/06\/karnavas-responds\/#primaryimage","url":"http:\/\/michaelgkarnavas.net\/blog\/wp-content\/uploads\/2015\/05\/comments2.png","contentUrl":"http:\/\/michaelgkarnavas.net\/blog\/wp-content\/uploads\/2015\/05\/comments2.png"},{"@type":"BreadcrumbList","@id":"https:\/\/michaelgkarnavas.net\/blog\/2017\/12\/06\/karnavas-responds\/#breadcrumb","itemListElement":[{"@type":"ListItem","position":1,"name":"Home","item":"https:\/\/michaelgkarnavas.net\/blog\/"},{"@type":"ListItem","position":2,"name":"Karnavas Responds to John Doe&#8217;s Comment on Post: General Slobodan Praljak\u2019s honorable defiance"}]},{"@type":"WebSite","@id":"https:\/\/michaelgkarnavas.net\/blog\/#website","url":"https:\/\/michaelgkarnavas.net\/blog\/","name":"Michael G. Karnavas Blog","description":"International Criminal Law Blog","publisher":{"@id":"https:\/\/michaelgkarnavas.net\/blog\/#\/schema\/person\/d03dcdb5c7e0e85117fb75cfb7b98c79"},"potentialAction":[{"@type":"SearchAction","target":{"@type":"EntryPoint","urlTemplate":"https:\/\/michaelgkarnavas.net\/blog\/?s={search_term_string}"},"query-input":{"@type":"PropertyValueSpecification","valueRequired":true,"valueName":"search_term_string"}}],"inLanguage":"en-US"},{"@type":["Person","Organization"],"@id":"https:\/\/michaelgkarnavas.net\/blog\/#\/schema\/person\/d03dcdb5c7e0e85117fb75cfb7b98c79","name":"Michael G. Karnavas","image":{"@type":"ImageObject","inLanguage":"en-US","@id":"https:\/\/i0.wp.com\/michaelgkarnavas.net\/blog\/wp-content\/uploads\/2023\/02\/MGKarnavasCt.jpg?fit=365%2C365&ssl=1","url":"https:\/\/i0.wp.com\/michaelgkarnavas.net\/blog\/wp-content\/uploads\/2023\/02\/MGKarnavasCt.jpg?fit=365%2C365&ssl=1","contentUrl":"https:\/\/i0.wp.com\/michaelgkarnavas.net\/blog\/wp-content\/uploads\/2023\/02\/MGKarnavasCt.jpg?fit=365%2C365&ssl=1","width":365,"height":365,"caption":"Michael G. Karnavas"},"logo":{"@id":"https:\/\/i0.wp.com\/michaelgkarnavas.net\/blog\/wp-content\/uploads\/2023\/02\/MGKarnavasCt.jpg?fit=365%2C365&ssl=1"},"description":"Michael G. Karnavas is an American trained lawyer. He is licensed in Alaska and Massachusetts and is qualified to appear before the various International tribunals, including the International Criminal Court (ICC). Residing and practicing primarily in The Hague, he is recognized as an expert in international criminal defence, including pre-trial, trial, and appellate advocacy.","sameAs":["http:\/\/michaelgkarnavas.net","https:\/\/www.linkedin.com\/in\/michael-g-karnavas-97494a75\/","https:\/\/x.com\/https:\/\/twitter.com\/mgkarnavas"],"url":"https:\/\/michaelgkarnavas.net\/blog\/author\/michael-g-karnavas\/"}]}},"jetpack_featured_media_url":"","jetpack_sharing_enabled":true,"_links":{"self":[{"href":"https:\/\/michaelgkarnavas.net\/blog\/wp-json\/wp\/v2\/posts\/2724","targetHints":{"allow":["GET"]}}],"collection":[{"href":"https:\/\/michaelgkarnavas.net\/blog\/wp-json\/wp\/v2\/posts"}],"about":[{"href":"https:\/\/michaelgkarnavas.net\/blog\/wp-json\/wp\/v2\/types\/post"}],"author":[{"embeddable":true,"href":"https:\/\/michaelgkarnavas.net\/blog\/wp-json\/wp\/v2\/users\/2"}],"replies":[{"embeddable":true,"href":"https:\/\/michaelgkarnavas.net\/blog\/wp-json\/wp\/v2\/comments?post=2724"}],"version-history":[{"count":5,"href":"https:\/\/michaelgkarnavas.net\/blog\/wp-json\/wp\/v2\/posts\/2724\/revisions"}],"predecessor-version":[{"id":2729,"href":"https:\/\/michaelgkarnavas.net\/blog\/wp-json\/wp\/v2\/posts\/2724\/revisions\/2729"}],"wp:attachment":[{"href":"https:\/\/michaelgkarnavas.net\/blog\/wp-json\/wp\/v2\/media?parent=2724"}],"wp:term":[{"taxonomy":"category","embeddable":true,"href":"https:\/\/michaelgkarnavas.net\/blog\/wp-json\/wp\/v2\/categories?post=2724"},{"taxonomy":"post_tag","embeddable":true,"href":"https:\/\/michaelgkarnavas.net\/blog\/wp-json\/wp\/v2\/tags?post=2724"}],"curies":[{"name":"wp","href":"https:\/\/api.w.org\/{rel}","templated":true}]}}